{"id":3656,"date":"2025-12-03T17:48:22","date_gmt":"2025-12-03T17:48:22","guid":{"rendered":"https:\/\/ivanplzajc.hr\/?p=3656"},"modified":"2025-12-07T13:49:44","modified_gmt":"2025-12-07T13:49:44","slug":"nova-web-stranica","status":"publish","type":"post","link":"https:\/\/ivanplzajc.hr\/index.php\/2025\/12\/03\/nova-web-stranica\/","title":{"rendered":"Zajci imaju novu internetsku stranicu"},"content":{"rendered":"<p>Na\u0161a nova internetska stranica, nakon vi\u0161e mjeseci rada, ugledala je svjetlo dana.<\/p>\n<p>Nadamo se da \u0107ete ovdje na\u0107i mnogo korisnih informacija o zboru Ivan pl. Zajc i da \u0107ete nas pratiti na ovim stranicama, kao i na na\u0161im dru\u0161tvenim mre\u017eama.<\/p>\n<p>Na internetskoj stranici mogu se na\u0107i podaci o povijesti zbora. Podaci o zboru danas. Na\u0161e fotografije i filmovi s dru\u017eenja, nastupa i putovanja.<\/p>\n<p>Neizostavna je i kontakt forma koja \u0107e, nadamo se biti prilika za lak\u0161e ostvarivanje kontakta s novim budu\u0107im \u010dlanovima na\u0161eg zbora.<\/p>\n<p>&nbsp;<\/p>\n<p><img fetchpriority=\"high\" decoding=\"async\" class=\"size-medium wp-image-2761\" src=\"https:\/\/ivanplzajc.hr\/wordpress\/wp-content\/uploads\/2025\/11\/Novigradski-ples-300x169.webp\" alt=\"Novigradski-ples\" width=\"300\" height=\"169\" srcset=\"https:\/\/ivanplzajc.hr\/wordpress\/wp-content\/uploads\/2025\/11\/Novigradski-ples-300x169.webp 300w, https:\/\/ivanplzajc.hr\/wordpress\/wp-content\/uploads\/2025\/11\/Novigradski-ples-768x432.webp 768w, https:\/\/ivanplzajc.hr\/wordpress\/wp-content\/uploads\/2025\/11\/Novigradski-ples.webp 889w\" sizes=\"(max-width: 300px) 100vw, 300px\" \/><\/p>\n","protected":false},"excerpt":{"rendered":"<p>Na\u0161a nova internetska stranica, nakon vi\u0161e mjeseci rada, ugledala je svjetlo dana. Nadamo se da \u0107ete ovdje na\u0107i mnogo korisnih informacija o zboru Ivan pl. Zajc i da \u0107ete nas pratiti na ovim stranicama, kao i na na\u0161im dru\u0161tvenim mre\u017eama. Na internetskoj stranici mogu se na\u0107i podaci o povijesti zbora. Podaci o zboru danas. Na\u0161e [&hellip;]<\/p>\n","protected":false},"author":2,"featured_media":3836,"comment_status":"open","ping_status":"open","sticky":false,"template":"","format":"standard","meta":{"footnotes":""},"categories":[32],"tags":[],"class_list":["post-3656","post","type-post","status-publish","format-standard","has-post-thumbnail","hentry","category-vijesti"],"yoast_head":"<!-- This site is optimized with the Yoast SEO plugin v27.5 - https:\/\/yoast.com\/product\/yoast-seo-wordpress\/ -->\n<title>Zajci imaju novu internetsku stranicu | HPZ Ivan pl. Zajc<\/title>\n<meta name=\"description\" content=\"Krajem 2025. objavili smo novu internetsku stranicu u koju smo ulo\u017eili mnogo vremena i truda. Radujemo se da nas posjetite. Doznajte vi\u0161e o nama i kontaktirajte nas za audiciju ili suradnju.\" \/>\n<meta name=\"robots\" content=\"index, follow, max-snippet:-1, max-image-preview:large, max-video-preview:-1\" \/>\n<link rel=\"canonical\" href=\"https:\/\/ivanplzajc.hr\/index.php\/2025\/12\/03\/nova-web-stranica\/\" \/>\n<meta property=\"og:locale\" content=\"hr_HR\" \/>\n<meta property=\"og:type\" content=\"article\" \/>\n<meta property=\"og:title\" content=\"Zajci imaju novu internetsku stranicu | HPZ Ivan pl. Zajc\" \/>\n<meta property=\"og:description\" content=\"Krajem 2025. objavili smo novu internetsku stranicu u koju smo ulo\u017eili mnogo vremena i truda. Radujemo se da nas posjetite. Doznajte vi\u0161e o nama i kontaktirajte nas za audiciju ili suradnju.\" \/>\n<meta property=\"og:url\" content=\"https:\/\/ivanplzajc.hr\/index.php\/2025\/12\/03\/nova-web-stranica\/\" \/>\n<meta property=\"og:site_name\" content=\"HPZ Ivan pl. Zajc\" \/>\n<meta property=\"article:publisher\" content=\"https:\/\/www.facebook.com\/p\/HPZ-Ivan-pl-Zajc-100065416632712\/\" \/>\n<meta property=\"article:published_time\" content=\"2025-12-03T17:48:22+00:00\" \/>\n<meta property=\"article:modified_time\" content=\"2025-12-07T13:49:44+00:00\" \/>\n<meta property=\"og:image\" content=\"https:\/\/ivanplzajc.hr\/wordpress\/wp-content\/uploads\/2025\/12\/Pocetna-650.webp\" \/>\n\t<meta property=\"og:image:width\" content=\"650\" \/>\n\t<meta property=\"og:image:height\" content=\"416\" \/>\n\t<meta property=\"og:image:type\" content=\"image\/webp\" \/>\n<meta name=\"author\" content=\"Igor Insertioweb\" \/>\n<meta name=\"twitter:card\" content=\"summary_large_image\" \/>\n<meta name=\"twitter:label1\" content=\"Napisao\/la\" \/>\n\t<meta name=\"twitter:data1\" content=\"Igor Insertioweb\" \/>\n\t<meta name=\"twitter:label2\" content=\"Procijenjeno vrijeme \u010ditanja\" \/>\n\t<meta name=\"twitter:data2\" content=\"1 minuta\" \/>\n<script type=\"application\/ld+json\" class=\"yoast-schema-graph\">{\"@context\":\"https:\\\/\\\/schema.org\",\"@graph\":[{\"@type\":\"Article\",\"@id\":\"https:\\\/\\\/ivanplzajc.hr\\\/index.php\\\/2025\\\/12\\\/03\\\/nova-web-stranica\\\/#article\",\"isPartOf\":{\"@id\":\"https:\\\/\\\/ivanplzajc.hr\\\/index.php\\\/2025\\\/12\\\/03\\\/nova-web-stranica\\\/\"},\"author\":{\"name\":\"Igor Insertioweb\",\"@id\":\"https:\\\/\\\/ivanplzajc.hr\\\/#\\\/schema\\\/person\\\/07c0c3df3357824504838550b0f0357e\"},\"headline\":\"Zajci imaju novu internetsku stranicu\",\"datePublished\":\"2025-12-03T17:48:22+00:00\",\"dateModified\":\"2025-12-07T13:49:44+00:00\",\"mainEntityOfPage\":{\"@id\":\"https:\\\/\\\/ivanplzajc.hr\\\/index.php\\\/2025\\\/12\\\/03\\\/nova-web-stranica\\\/\"},\"wordCount\":102,\"commentCount\":0,\"publisher\":{\"@id\":\"https:\\\/\\\/ivanplzajc.hr\\\/#organization\"},\"image\":{\"@id\":\"https:\\\/\\\/ivanplzajc.hr\\\/index.php\\\/2025\\\/12\\\/03\\\/nova-web-stranica\\\/#primaryimage\"},\"thumbnailUrl\":\"https:\\\/\\\/ivanplzajc.hr\\\/wordpress\\\/wp-content\\\/uploads\\\/2025\\\/12\\\/Pocetna-650.webp\",\"articleSection\":[\"Vijesti\"],\"inLanguage\":\"hr\",\"potentialAction\":[{\"@type\":\"CommentAction\",\"name\":\"Comment\",\"target\":[\"https:\\\/\\\/ivanplzajc.hr\\\/index.php\\\/2025\\\/12\\\/03\\\/nova-web-stranica\\\/#respond\"]}]},{\"@type\":\"WebPage\",\"@id\":\"https:\\\/\\\/ivanplzajc.hr\\\/index.php\\\/2025\\\/12\\\/03\\\/nova-web-stranica\\\/\",\"url\":\"https:\\\/\\\/ivanplzajc.hr\\\/index.php\\\/2025\\\/12\\\/03\\\/nova-web-stranica\\\/\",\"name\":\"Zajci imaju novu internetsku stranicu | HPZ Ivan pl. Zajc\",\"isPartOf\":{\"@id\":\"https:\\\/\\\/ivanplzajc.hr\\\/#website\"},\"primaryImageOfPage\":{\"@id\":\"https:\\\/\\\/ivanplzajc.hr\\\/index.php\\\/2025\\\/12\\\/03\\\/nova-web-stranica\\\/#primaryimage\"},\"image\":{\"@id\":\"https:\\\/\\\/ivanplzajc.hr\\\/index.php\\\/2025\\\/12\\\/03\\\/nova-web-stranica\\\/#primaryimage\"},\"thumbnailUrl\":\"https:\\\/\\\/ivanplzajc.hr\\\/wordpress\\\/wp-content\\\/uploads\\\/2025\\\/12\\\/Pocetna-650.webp\",\"datePublished\":\"2025-12-03T17:48:22+00:00\",\"dateModified\":\"2025-12-07T13:49:44+00:00\",\"description\":\"Krajem 2025. objavili smo novu internetsku stranicu u koju smo ulo\u017eili mnogo vremena i truda. Radujemo se da nas posjetite. Doznajte vi\u0161e o nama i kontaktirajte nas za audiciju ili suradnju.\",\"breadcrumb\":{\"@id\":\"https:\\\/\\\/ivanplzajc.hr\\\/index.php\\\/2025\\\/12\\\/03\\\/nova-web-stranica\\\/#breadcrumb\"},\"inLanguage\":\"hr\",\"potentialAction\":[{\"@type\":\"ReadAction\",\"target\":[\"https:\\\/\\\/ivanplzajc.hr\\\/index.php\\\/2025\\\/12\\\/03\\\/nova-web-stranica\\\/\"]}]},{\"@type\":\"ImageObject\",\"inLanguage\":\"hr\",\"@id\":\"https:\\\/\\\/ivanplzajc.hr\\\/index.php\\\/2025\\\/12\\\/03\\\/nova-web-stranica\\\/#primaryimage\",\"url\":\"https:\\\/\\\/ivanplzajc.hr\\\/wordpress\\\/wp-content\\\/uploads\\\/2025\\\/12\\\/Pocetna-650.webp\",\"contentUrl\":\"https:\\\/\\\/ivanplzajc.hr\\\/wordpress\\\/wp-content\\\/uploads\\\/2025\\\/12\\\/Pocetna-650.webp\",\"width\":650,\"height\":416,\"caption\":\"Ilustracija zbora sa po\u010detne stranice\"},{\"@type\":\"BreadcrumbList\",\"@id\":\"https:\\\/\\\/ivanplzajc.hr\\\/index.php\\\/2025\\\/12\\\/03\\\/nova-web-stranica\\\/#breadcrumb\",\"itemListElement\":[{\"@type\":\"ListItem\",\"position\":1,\"name\":\"Home\",\"item\":\"https:\\\/\\\/ivanplzajc.hr\\\/\"},{\"@type\":\"ListItem\",\"position\":2,\"name\":\"Zajci imaju novu internetsku stranicu\"}]},{\"@type\":\"WebSite\",\"@id\":\"https:\\\/\\\/ivanplzajc.hr\\\/#website\",\"url\":\"https:\\\/\\\/ivanplzajc.hr\\\/\",\"name\":\"HPZ Ivan pl. Zajc\",\"description\":\"Mje\u0161oviti pjeva\u010dki zbor Ivan pl. Zajc u Zagrebu\",\"publisher\":{\"@id\":\"https:\\\/\\\/ivanplzajc.hr\\\/#organization\"},\"potentialAction\":[{\"@type\":\"SearchAction\",\"target\":{\"@type\":\"EntryPoint\",\"urlTemplate\":\"https:\\\/\\\/ivanplzajc.hr\\\/?s={search_term_string}\"},\"query-input\":{\"@type\":\"PropertyValueSpecification\",\"valueRequired\":true,\"valueName\":\"search_term_string\"}}],\"inLanguage\":\"hr\"},{\"@type\":\"Organization\",\"@id\":\"https:\\\/\\\/ivanplzajc.hr\\\/#organization\",\"name\":\"HPZ Ivan pl. Zajc\",\"url\":\"https:\\\/\\\/ivanplzajc.hr\\\/\",\"logo\":{\"@type\":\"ImageObject\",\"inLanguage\":\"hr\",\"@id\":\"https:\\\/\\\/ivanplzajc.hr\\\/#\\\/schema\\\/logo\\\/image\\\/\",\"url\":\"https:\\\/\\\/ivanplzajc.hr\\\/wordpress\\\/wp-content\\\/uploads\\\/2025\\\/11\\\/cropped-Logo-orange-300.jpg\",\"contentUrl\":\"https:\\\/\\\/ivanplzajc.hr\\\/wordpress\\\/wp-content\\\/uploads\\\/2025\\\/11\\\/cropped-Logo-orange-300.jpg\",\"width\":300,\"height\":300,\"caption\":\"HPZ Ivan pl. Zajc\"},\"image\":{\"@id\":\"https:\\\/\\\/ivanplzajc.hr\\\/#\\\/schema\\\/logo\\\/image\\\/\"},\"sameAs\":[\"https:\\\/\\\/www.facebook.com\\\/p\\\/HPZ-Ivan-pl-Zajc-100065416632712\\\/\",\"https:\\\/\\\/soundcloud.com\\\/zbor-ivan-pl-zajc\",\"https:\\\/\\\/www.youtube.com\\\/channel\\\/UCJn3Mu4spdJs1fPdougkJFg\\\/videos\"]},{\"@type\":\"Person\",\"@id\":\"https:\\\/\\\/ivanplzajc.hr\\\/#\\\/schema\\\/person\\\/07c0c3df3357824504838550b0f0357e\",\"name\":\"Igor Insertioweb\",\"image\":{\"@type\":\"ImageObject\",\"inLanguage\":\"hr\",\"@id\":\"https:\\\/\\\/secure.gravatar.com\\\/avatar\\\/646a0269b11c76b6c951f7a36bc5a8a9a9f729a290bd2ccf6d5efee2a77c5e01?s=96&d=mm&r=g\",\"url\":\"https:\\\/\\\/secure.gravatar.com\\\/avatar\\\/646a0269b11c76b6c951f7a36bc5a8a9a9f729a290bd2ccf6d5efee2a77c5e01?s=96&d=mm&r=g\",\"contentUrl\":\"https:\\\/\\\/secure.gravatar.com\\\/avatar\\\/646a0269b11c76b6c951f7a36bc5a8a9a9f729a290bd2ccf6d5efee2a77c5e01?s=96&d=mm&r=g\",\"caption\":\"Igor Insertioweb\"},\"sameAs\":[\"http:\\\/\\\/insertioweb.com\"]}]}<\/script>\n<!-- \/ Yoast SEO plugin. -->","yoast_head_json":{"title":"Zajci imaju novu internetsku stranicu | HPZ Ivan pl. Zajc","description":"Krajem 2025. objavili smo novu internetsku stranicu u koju smo ulo\u017eili mnogo vremena i truda. Radujemo se da nas posjetite. Doznajte vi\u0161e o nama i kontaktirajte nas za audiciju ili suradnju.","robots":{"index":"index","follow":"follow","max-snippet":"max-snippet:-1","max-image-preview":"max-image-preview:large","max-video-preview":"max-video-preview:-1"},"canonical":"https:\/\/ivanplzajc.hr\/index.php\/2025\/12\/03\/nova-web-stranica\/","og_locale":"hr_HR","og_type":"article","og_title":"Zajci imaju novu internetsku stranicu | HPZ Ivan pl. Zajc","og_description":"Krajem 2025. objavili smo novu internetsku stranicu u koju smo ulo\u017eili mnogo vremena i truda. Radujemo se da nas posjetite. Doznajte vi\u0161e o nama i kontaktirajte nas za audiciju ili suradnju.","og_url":"https:\/\/ivanplzajc.hr\/index.php\/2025\/12\/03\/nova-web-stranica\/","og_site_name":"HPZ Ivan pl. Zajc","article_publisher":"https:\/\/www.facebook.com\/p\/HPZ-Ivan-pl-Zajc-100065416632712\/","article_published_time":"2025-12-03T17:48:22+00:00","article_modified_time":"2025-12-07T13:49:44+00:00","og_image":[{"width":650,"height":416,"url":"https:\/\/ivanplzajc.hr\/wordpress\/wp-content\/uploads\/2025\/12\/Pocetna-650.webp","type":"image\/webp"}],"author":"Igor Insertioweb","twitter_card":"summary_large_image","twitter_misc":{"Napisao\/la":"Igor Insertioweb","Procijenjeno vrijeme \u010ditanja":"1 minuta"},"schema":{"@context":"https:\/\/schema.org","@graph":[{"@type":"Article","@id":"https:\/\/ivanplzajc.hr\/index.php\/2025\/12\/03\/nova-web-stranica\/#article","isPartOf":{"@id":"https:\/\/ivanplzajc.hr\/index.php\/2025\/12\/03\/nova-web-stranica\/"},"author":{"name":"Igor Insertioweb","@id":"https:\/\/ivanplzajc.hr\/#\/schema\/person\/07c0c3df3357824504838550b0f0357e"},"headline":"Zajci imaju novu internetsku stranicu","datePublished":"2025-12-03T17:48:22+00:00","dateModified":"2025-12-07T13:49:44+00:00","mainEntityOfPage":{"@id":"https:\/\/ivanplzajc.hr\/index.php\/2025\/12\/03\/nova-web-stranica\/"},"wordCount":102,"commentCount":0,"publisher":{"@id":"https:\/\/ivanplzajc.hr\/#organization"},"image":{"@id":"https:\/\/ivanplzajc.hr\/index.php\/2025\/12\/03\/nova-web-stranica\/#primaryimage"},"thumbnailUrl":"https:\/\/ivanplzajc.hr\/wordpress\/wp-content\/uploads\/2025\/12\/Pocetna-650.webp","articleSection":["Vijesti"],"inLanguage":"hr","potentialAction":[{"@type":"CommentAction","name":"Comment","target":["https:\/\/ivanplzajc.hr\/index.php\/2025\/12\/03\/nova-web-stranica\/#respond"]}]},{"@type":"WebPage","@id":"https:\/\/ivanplzajc.hr\/index.php\/2025\/12\/03\/nova-web-stranica\/","url":"https:\/\/ivanplzajc.hr\/index.php\/2025\/12\/03\/nova-web-stranica\/","name":"Zajci imaju novu internetsku stranicu | HPZ Ivan pl. Zajc","isPartOf":{"@id":"https:\/\/ivanplzajc.hr\/#website"},"primaryImageOfPage":{"@id":"https:\/\/ivanplzajc.hr\/index.php\/2025\/12\/03\/nova-web-stranica\/#primaryimage"},"image":{"@id":"https:\/\/ivanplzajc.hr\/index.php\/2025\/12\/03\/nova-web-stranica\/#primaryimage"},"thumbnailUrl":"https:\/\/ivanplzajc.hr\/wordpress\/wp-content\/uploads\/2025\/12\/Pocetna-650.webp","datePublished":"2025-12-03T17:48:22+00:00","dateModified":"2025-12-07T13:49:44+00:00","description":"Krajem 2025. objavili smo novu internetsku stranicu u koju smo ulo\u017eili mnogo vremena i truda. Radujemo se da nas posjetite. Doznajte vi\u0161e o nama i kontaktirajte nas za audiciju ili suradnju.","breadcrumb":{"@id":"https:\/\/ivanplzajc.hr\/index.php\/2025\/12\/03\/nova-web-stranica\/#breadcrumb"},"inLanguage":"hr","potentialAction":[{"@type":"ReadAction","target":["https:\/\/ivanplzajc.hr\/index.php\/2025\/12\/03\/nova-web-stranica\/"]}]},{"@type":"ImageObject","inLanguage":"hr","@id":"https:\/\/ivanplzajc.hr\/index.php\/2025\/12\/03\/nova-web-stranica\/#primaryimage","url":"https:\/\/ivanplzajc.hr\/wordpress\/wp-content\/uploads\/2025\/12\/Pocetna-650.webp","contentUrl":"https:\/\/ivanplzajc.hr\/wordpress\/wp-content\/uploads\/2025\/12\/Pocetna-650.webp","width":650,"height":416,"caption":"Ilustracija zbora sa po\u010detne stranice"},{"@type":"BreadcrumbList","@id":"https:\/\/ivanplzajc.hr\/index.php\/2025\/12\/03\/nova-web-stranica\/#breadcrumb","itemListElement":[{"@type":"ListItem","position":1,"name":"Home","item":"https:\/\/ivanplzajc.hr\/"},{"@type":"ListItem","position":2,"name":"Zajci imaju novu internetsku stranicu"}]},{"@type":"WebSite","@id":"https:\/\/ivanplzajc.hr\/#website","url":"https:\/\/ivanplzajc.hr\/","name":"HPZ Ivan pl. Zajc","description":"Mje\u0161oviti pjeva\u010dki zbor Ivan pl. Zajc u Zagrebu","publisher":{"@id":"https:\/\/ivanplzajc.hr\/#organization"},"potentialAction":[{"@type":"SearchAction","target":{"@type":"EntryPoint","urlTemplate":"https:\/\/ivanplzajc.hr\/?s={search_term_string}"},"query-input":{"@type":"PropertyValueSpecification","valueRequired":true,"valueName":"search_term_string"}}],"inLanguage":"hr"},{"@type":"Organization","@id":"https:\/\/ivanplzajc.hr\/#organization","name":"HPZ Ivan pl. Zajc","url":"https:\/\/ivanplzajc.hr\/","logo":{"@type":"ImageObject","inLanguage":"hr","@id":"https:\/\/ivanplzajc.hr\/#\/schema\/logo\/image\/","url":"https:\/\/ivanplzajc.hr\/wordpress\/wp-content\/uploads\/2025\/11\/cropped-Logo-orange-300.jpg","contentUrl":"https:\/\/ivanplzajc.hr\/wordpress\/wp-content\/uploads\/2025\/11\/cropped-Logo-orange-300.jpg","width":300,"height":300,"caption":"HPZ Ivan pl. Zajc"},"image":{"@id":"https:\/\/ivanplzajc.hr\/#\/schema\/logo\/image\/"},"sameAs":["https:\/\/www.facebook.com\/p\/HPZ-Ivan-pl-Zajc-100065416632712\/","https:\/\/soundcloud.com\/zbor-ivan-pl-zajc","https:\/\/www.youtube.com\/channel\/UCJn3Mu4spdJs1fPdougkJFg\/videos"]},{"@type":"Person","@id":"https:\/\/ivanplzajc.hr\/#\/schema\/person\/07c0c3df3357824504838550b0f0357e","name":"Igor Insertioweb","image":{"@type":"ImageObject","inLanguage":"hr","@id":"https:\/\/secure.gravatar.com\/avatar\/646a0269b11c76b6c951f7a36bc5a8a9a9f729a290bd2ccf6d5efee2a77c5e01?s=96&d=mm&r=g","url":"https:\/\/secure.gravatar.com\/avatar\/646a0269b11c76b6c951f7a36bc5a8a9a9f729a290bd2ccf6d5efee2a77c5e01?s=96&d=mm&r=g","contentUrl":"https:\/\/secure.gravatar.com\/avatar\/646a0269b11c76b6c951f7a36bc5a8a9a9f729a290bd2ccf6d5efee2a77c5e01?s=96&d=mm&r=g","caption":"Igor Insertioweb"},"sameAs":["http:\/\/insertioweb.com"]}]}},"_links":{"self":[{"href":"https:\/\/ivanplzajc.hr\/index.php\/wp-json\/wp\/v2\/posts\/3656","targetHints":{"allow":["GET"]}}],"collection":[{"href":"https:\/\/ivanplzajc.hr\/index.php\/wp-json\/wp\/v2\/posts"}],"about":[{"href":"https:\/\/ivanplzajc.hr\/index.php\/wp-json\/wp\/v2\/types\/post"}],"author":[{"embeddable":true,"href":"https:\/\/ivanplzajc.hr\/index.php\/wp-json\/wp\/v2\/users\/2"}],"replies":[{"embeddable":true,"href":"https:\/\/ivanplzajc.hr\/index.php\/wp-json\/wp\/v2\/comments?post=3656"}],"version-history":[{"count":3,"href":"https:\/\/ivanplzajc.hr\/index.php\/wp-json\/wp\/v2\/posts\/3656\/revisions"}],"predecessor-version":[{"id":3784,"href":"https:\/\/ivanplzajc.hr\/index.php\/wp-json\/wp\/v2\/posts\/3656\/revisions\/3784"}],"wp:featuredmedia":[{"embeddable":true,"href":"https:\/\/ivanplzajc.hr\/index.php\/wp-json\/wp\/v2\/media\/3836"}],"wp:attachment":[{"href":"https:\/\/ivanplzajc.hr\/index.php\/wp-json\/wp\/v2\/media?parent=3656"}],"wp:term":[{"taxonomy":"category","embeddable":true,"href":"https:\/\/ivanplzajc.hr\/index.php\/wp-json\/wp\/v2\/categories?post=3656"},{"taxonomy":"post_tag","embeddable":true,"href":"https:\/\/ivanplzajc.hr\/index.php\/wp-json\/wp\/v2\/tags?post=3656"}],"curies":[{"name":"wp","href":"https:\/\/api.w.org\/{rel}","templated":true}]}}