{"id":3743,"date":"2025-12-05T14:56:26","date_gmt":"2025-12-05T14:56:26","guid":{"rendered":"https:\/\/ivanplzajc.hr\/?p=3743"},"modified":"2025-12-07T10:16:28","modified_gmt":"2025-12-07T10:16:28","slug":"adventski-koncert-u-crkvi-sv-petra-u-zagrebu-14-prosinca-u-19-30","status":"publish","type":"post","link":"https:\/\/ivanplzajc.hr\/index.php\/2025\/12\/05\/adventski-koncert-u-crkvi-sv-petra-u-zagrebu-14-prosinca-u-19-30\/","title":{"rendered":"Adventski koncert u Crkvi sv. Petra u Zagrebu, 14. prosinca u 19.30"},"content":{"rendered":"<p>Pozivamo vas na Adventski koncert koji \u0107e se odr\u017eati u Crkvi sv. Petra u Vla\u0161koj ulici u Zagrebu, dana 14. prosinca s po\u010detkom u 19.30. Uz pratnju Tambura\u0161kog orkestra Tambura\u0161kog dru\u0161tva Gaj iz Zagreba.<\/p>\n<p>&nbsp;<\/p>\n<p>Sa solistima Lucijom Mileti\u0107 i Zlatanom Sindi\u010di\u0107em izvest \u0107emo nikad izvedene adventske skladbe: Veni, veni Emmanuel, Adventska kantata i \u010ce\u017enja (42. psalam).<\/p>\n<p>&nbsp;<\/p>\n<p>Rije\u010d je o praizvedbi djela skladatelja <a href=\"https:\/\/glazba.hr\/vijesti\/sve-vijesti\/medunarodni-uspjeh-alan-kljajic\/\"><em><strong>Alana Kljai\u0107a<\/strong><\/em><\/a> pod \u010dijom dirigentskom palicom \u0107e se koncert i odr\u017eati.<\/p>\n<p>&nbsp;<\/p>\n<p>Skladba Adventska kantata nadahnuta je starim hrvatskim adventskim napjevima koji se rijetko mogu \u010duti. Iz svih su krajeva Hrvatske. Uglazbljeni su u duhu gregorijanskog korala po\u0161tuju\u0107i originalne notne zapise.<\/p>\n<p>&nbsp;<\/p>\n<p>Napjeve je skladatelj tra\u017eio i zapisivao godinu dana, pa je to poku\u0161aj da se o\u010duva i obogati na\u0161 glazbeni korpus. To je, kako ka\u017ee maestro Kljai\u0107, i zada\u0107a svakog kompozitora.<\/p>\n<p>&nbsp;<\/p>\n<p>Skladatelj Alan Kljai\u0107 odrastao je u iznimno te\u0161kim uvjetima, a zahvaljuju\u0107i iznimnom talentu i pomo\u0107i dobrih ljudi uspio se visoko obrazovati na Muzi\u010dkoj akademiji u Zagrebu. Za svoje skladbe nagra\u0111ivan je u zemlji i inozemstvu. Pogledajte dirljivu<em><strong> <a href=\"https:\/\/www.youtube.com\/watch?v=pdkKQV88cUY\">reporta\u017eu HRT-a o Alanu Kljai\u0107u<\/a><\/strong><\/em> na YouTubeu.<\/p>\n","protected":false},"excerpt":{"rendered":"<p>Pozivamo vas na Adventski koncert koji \u0107e se odr\u017eati u Crkvi sv. Petra u Vla\u0161koj ulici u Zagrebu, dana 14. prosinca s po\u010detkom u 19.30. Uz pratnju Tambura\u0161kog orkestra Tambura\u0161kog dru\u0161tva Gaj iz Zagreba. &nbsp; Sa solistima Lucijom Mileti\u0107 i Zlatanom Sindi\u010di\u0107em izvest \u0107emo nikad izvedene adventske skladbe: Veni, veni Emmanuel, Adventska kantata i \u010ce\u017enja [&hellip;]<\/p>\n","protected":false},"author":1,"featured_media":3786,"comment_status":"open","ping_status":"open","sticky":false,"template":"","format":"standard","meta":{"footnotes":""},"categories":[32],"tags":[35,34],"class_list":["post-3743","post","type-post","status-publish","format-standard","has-post-thumbnail","hentry","category-vijesti","tag-advent","tag-koncert"],"yoast_head":"<!-- This site is optimized with the Yoast SEO plugin v27.5 - https:\/\/yoast.com\/product\/yoast-seo-wordpress\/ -->\n<title>Adventski koncert u Crkvi sv. Petra u Zagrebu, 14. prosinca u 19.30 | HPZ Ivan pl. Zajc<\/title>\n<meta name=\"description\" content=\"Pozivamo vas na Adventski koncert u Crkvi sv. Petra u Vla\u0161koj ulici u Zagrebu, u nedjelju 14.12. u 19.30. Poslu\u0161ajte praizvedbu adventskih skladbi Alana Kljai\u0107a. Nadahnute su rijetko izvo\u0111enim adventskim napjevima, a skladane u duhu gregorijanskog korala. Izvo\u0111a\u010di: HPZ Ivan pl. Zajc, Tambura\u0161ki orkestar Tambura\u0161kog dru\u0161tva Gaj. Solisti: Lucija Mileti\u0107 i Zlatan Sindi\u010di\u0107.\" \/>\n<meta name=\"robots\" content=\"index, follow, max-snippet:-1, max-image-preview:large, max-video-preview:-1\" \/>\n<link rel=\"canonical\" href=\"https:\/\/ivanplzajc.hr\/index.php\/2025\/12\/05\/adventski-koncert-u-crkvi-sv-petra-u-zagrebu-14-prosinca-u-19-30\/\" \/>\n<meta property=\"og:locale\" content=\"hr_HR\" \/>\n<meta property=\"og:type\" content=\"article\" \/>\n<meta property=\"og:title\" content=\"Adventski koncert u Crkvi sv. Petra u Zagrebu, 14. prosinca u 19.30 | HPZ Ivan pl. Zajc\" \/>\n<meta property=\"og:description\" content=\"Pozivamo vas na Adventski koncert u Crkvi sv. Petra u Vla\u0161koj ulici u Zagrebu, u nedjelju 14.12. u 19.30. Poslu\u0161ajte praizvedbu adventskih skladbi Alana Kljai\u0107a. Nadahnute su rijetko izvo\u0111enim adventskim napjevima, a skladane u duhu gregorijanskog korala. Izvo\u0111a\u010di: HPZ Ivan pl. Zajc, Tambura\u0161ki orkestar Tambura\u0161kog dru\u0161tva Gaj. Solisti: Lucija Mileti\u0107 i Zlatan Sindi\u010di\u0107.\" \/>\n<meta property=\"og:url\" content=\"https:\/\/ivanplzajc.hr\/index.php\/2025\/12\/05\/adventski-koncert-u-crkvi-sv-petra-u-zagrebu-14-prosinca-u-19-30\/\" \/>\n<meta property=\"og:site_name\" content=\"HPZ Ivan pl. Zajc\" \/>\n<meta property=\"article:publisher\" content=\"https:\/\/www.facebook.com\/p\/HPZ-Ivan-pl-Zajc-100065416632712\/\" \/>\n<meta property=\"article:published_time\" content=\"2025-12-05T14:56:26+00:00\" \/>\n<meta property=\"article:modified_time\" content=\"2025-12-07T10:16:28+00:00\" \/>\n<meta property=\"og:image\" content=\"https:\/\/ivanplzajc.hr\/wordpress\/wp-content\/uploads\/2025\/12\/2025-12-14-Najava-Adventski-koncert-600.webp\" \/>\n\t<meta property=\"og:image:width\" content=\"600\" \/>\n\t<meta property=\"og:image:height\" content=\"448\" \/>\n\t<meta property=\"og:image:type\" content=\"image\/webp\" \/>\n<meta name=\"author\" content=\"admin\" \/>\n<meta name=\"twitter:card\" content=\"summary_large_image\" \/>\n<meta name=\"twitter:label1\" content=\"Napisao\/la\" \/>\n\t<meta name=\"twitter:data1\" content=\"admin\" \/>\n\t<meta name=\"twitter:label2\" content=\"Procijenjeno vrijeme \u010ditanja\" \/>\n\t<meta name=\"twitter:data2\" content=\"2 minute\" \/>\n<script type=\"application\/ld+json\" class=\"yoast-schema-graph\">{\"@context\":\"https:\\\/\\\/schema.org\",\"@graph\":[{\"@type\":\"Article\",\"@id\":\"https:\\\/\\\/ivanplzajc.hr\\\/index.php\\\/2025\\\/12\\\/05\\\/adventski-koncert-u-crkvi-sv-petra-u-zagrebu-14-prosinca-u-19-30\\\/#article\",\"isPartOf\":{\"@id\":\"https:\\\/\\\/ivanplzajc.hr\\\/index.php\\\/2025\\\/12\\\/05\\\/adventski-koncert-u-crkvi-sv-petra-u-zagrebu-14-prosinca-u-19-30\\\/\"},\"author\":{\"name\":\"admin\",\"@id\":\"https:\\\/\\\/ivanplzajc.hr\\\/#\\\/schema\\\/person\\\/6e1c5b2fe85d5c8df1b95ad940b225c5\"},\"headline\":\"Adventski koncert u Crkvi sv. Petra u Zagrebu, 14. prosinca u 19.30\",\"datePublished\":\"2025-12-05T14:56:26+00:00\",\"dateModified\":\"2025-12-07T10:16:28+00:00\",\"mainEntityOfPage\":{\"@id\":\"https:\\\/\\\/ivanplzajc.hr\\\/index.php\\\/2025\\\/12\\\/05\\\/adventski-koncert-u-crkvi-sv-petra-u-zagrebu-14-prosinca-u-19-30\\\/\"},\"wordCount\":213,\"commentCount\":0,\"publisher\":{\"@id\":\"https:\\\/\\\/ivanplzajc.hr\\\/#organization\"},\"image\":{\"@id\":\"https:\\\/\\\/ivanplzajc.hr\\\/index.php\\\/2025\\\/12\\\/05\\\/adventski-koncert-u-crkvi-sv-petra-u-zagrebu-14-prosinca-u-19-30\\\/#primaryimage\"},\"thumbnailUrl\":\"https:\\\/\\\/ivanplzajc.hr\\\/wordpress\\\/wp-content\\\/uploads\\\/2025\\\/12\\\/2025-12-14-Najava-Adventski-koncert-600.webp\",\"keywords\":[\"advent\",\"koncert\"],\"articleSection\":[\"Vijesti\"],\"inLanguage\":\"hr\",\"potentialAction\":[{\"@type\":\"CommentAction\",\"name\":\"Comment\",\"target\":[\"https:\\\/\\\/ivanplzajc.hr\\\/index.php\\\/2025\\\/12\\\/05\\\/adventski-koncert-u-crkvi-sv-petra-u-zagrebu-14-prosinca-u-19-30\\\/#respond\"]}]},{\"@type\":\"WebPage\",\"@id\":\"https:\\\/\\\/ivanplzajc.hr\\\/index.php\\\/2025\\\/12\\\/05\\\/adventski-koncert-u-crkvi-sv-petra-u-zagrebu-14-prosinca-u-19-30\\\/\",\"url\":\"https:\\\/\\\/ivanplzajc.hr\\\/index.php\\\/2025\\\/12\\\/05\\\/adventski-koncert-u-crkvi-sv-petra-u-zagrebu-14-prosinca-u-19-30\\\/\",\"name\":\"Adventski koncert u Crkvi sv. Petra u Zagrebu, 14. prosinca u 19.30 | HPZ Ivan pl. Zajc\",\"isPartOf\":{\"@id\":\"https:\\\/\\\/ivanplzajc.hr\\\/#website\"},\"primaryImageOfPage\":{\"@id\":\"https:\\\/\\\/ivanplzajc.hr\\\/index.php\\\/2025\\\/12\\\/05\\\/adventski-koncert-u-crkvi-sv-petra-u-zagrebu-14-prosinca-u-19-30\\\/#primaryimage\"},\"image\":{\"@id\":\"https:\\\/\\\/ivanplzajc.hr\\\/index.php\\\/2025\\\/12\\\/05\\\/adventski-koncert-u-crkvi-sv-petra-u-zagrebu-14-prosinca-u-19-30\\\/#primaryimage\"},\"thumbnailUrl\":\"https:\\\/\\\/ivanplzajc.hr\\\/wordpress\\\/wp-content\\\/uploads\\\/2025\\\/12\\\/2025-12-14-Najava-Adventski-koncert-600.webp\",\"datePublished\":\"2025-12-05T14:56:26+00:00\",\"dateModified\":\"2025-12-07T10:16:28+00:00\",\"description\":\"Pozivamo vas na Adventski koncert u Crkvi sv. Petra u Vla\u0161koj ulici u Zagrebu, u nedjelju 14.12. u 19.30. Poslu\u0161ajte praizvedbu adventskih skladbi Alana Kljai\u0107a. Nadahnute su rijetko izvo\u0111enim adventskim napjevima, a skladane u duhu gregorijanskog korala. Izvo\u0111a\u010di: HPZ Ivan pl. Zajc, Tambura\u0161ki orkestar Tambura\u0161kog dru\u0161tva Gaj. Solisti: Lucija Mileti\u0107 i Zlatan Sindi\u010di\u0107.\",\"breadcrumb\":{\"@id\":\"https:\\\/\\\/ivanplzajc.hr\\\/index.php\\\/2025\\\/12\\\/05\\\/adventski-koncert-u-crkvi-sv-petra-u-zagrebu-14-prosinca-u-19-30\\\/#breadcrumb\"},\"inLanguage\":\"hr\",\"potentialAction\":[{\"@type\":\"ReadAction\",\"target\":[\"https:\\\/\\\/ivanplzajc.hr\\\/index.php\\\/2025\\\/12\\\/05\\\/adventski-koncert-u-crkvi-sv-petra-u-zagrebu-14-prosinca-u-19-30\\\/\"]}]},{\"@type\":\"ImageObject\",\"inLanguage\":\"hr\",\"@id\":\"https:\\\/\\\/ivanplzajc.hr\\\/index.php\\\/2025\\\/12\\\/05\\\/adventski-koncert-u-crkvi-sv-petra-u-zagrebu-14-prosinca-u-19-30\\\/#primaryimage\",\"url\":\"https:\\\/\\\/ivanplzajc.hr\\\/wordpress\\\/wp-content\\\/uploads\\\/2025\\\/12\\\/2025-12-14-Najava-Adventski-koncert-600.webp\",\"contentUrl\":\"https:\\\/\\\/ivanplzajc.hr\\\/wordpress\\\/wp-content\\\/uploads\\\/2025\\\/12\\\/2025-12-14-Najava-Adventski-koncert-600.webp\",\"width\":600,\"height\":448,\"caption\":\"Najava Adventskog koncerta u crvi sv. Petra 14.12.'25.\"},{\"@type\":\"BreadcrumbList\",\"@id\":\"https:\\\/\\\/ivanplzajc.hr\\\/index.php\\\/2025\\\/12\\\/05\\\/adventski-koncert-u-crkvi-sv-petra-u-zagrebu-14-prosinca-u-19-30\\\/#breadcrumb\",\"itemListElement\":[{\"@type\":\"ListItem\",\"position\":1,\"name\":\"Home\",\"item\":\"https:\\\/\\\/ivanplzajc.hr\\\/\"},{\"@type\":\"ListItem\",\"position\":2,\"name\":\"Adventski koncert u Crkvi sv. Petra u Zagrebu, 14. prosinca u 19.30\"}]},{\"@type\":\"WebSite\",\"@id\":\"https:\\\/\\\/ivanplzajc.hr\\\/#website\",\"url\":\"https:\\\/\\\/ivanplzajc.hr\\\/\",\"name\":\"HPZ Ivan pl. Zajc\",\"description\":\"Mje\u0161oviti pjeva\u010dki zbor Ivan pl. Zajc u Zagrebu\",\"publisher\":{\"@id\":\"https:\\\/\\\/ivanplzajc.hr\\\/#organization\"},\"potentialAction\":[{\"@type\":\"SearchAction\",\"target\":{\"@type\":\"EntryPoint\",\"urlTemplate\":\"https:\\\/\\\/ivanplzajc.hr\\\/?s={search_term_string}\"},\"query-input\":{\"@type\":\"PropertyValueSpecification\",\"valueRequired\":true,\"valueName\":\"search_term_string\"}}],\"inLanguage\":\"hr\"},{\"@type\":\"Organization\",\"@id\":\"https:\\\/\\\/ivanplzajc.hr\\\/#organization\",\"name\":\"HPZ Ivan pl. Zajc\",\"url\":\"https:\\\/\\\/ivanplzajc.hr\\\/\",\"logo\":{\"@type\":\"ImageObject\",\"inLanguage\":\"hr\",\"@id\":\"https:\\\/\\\/ivanplzajc.hr\\\/#\\\/schema\\\/logo\\\/image\\\/\",\"url\":\"https:\\\/\\\/ivanplzajc.hr\\\/wordpress\\\/wp-content\\\/uploads\\\/2025\\\/11\\\/cropped-Logo-orange-300.jpg\",\"contentUrl\":\"https:\\\/\\\/ivanplzajc.hr\\\/wordpress\\\/wp-content\\\/uploads\\\/2025\\\/11\\\/cropped-Logo-orange-300.jpg\",\"width\":300,\"height\":300,\"caption\":\"HPZ Ivan pl. Zajc\"},\"image\":{\"@id\":\"https:\\\/\\\/ivanplzajc.hr\\\/#\\\/schema\\\/logo\\\/image\\\/\"},\"sameAs\":[\"https:\\\/\\\/www.facebook.com\\\/p\\\/HPZ-Ivan-pl-Zajc-100065416632712\\\/\",\"https:\\\/\\\/soundcloud.com\\\/zbor-ivan-pl-zajc\",\"https:\\\/\\\/www.youtube.com\\\/channel\\\/UCJn3Mu4spdJs1fPdougkJFg\\\/videos\"]},{\"@type\":\"Person\",\"@id\":\"https:\\\/\\\/ivanplzajc.hr\\\/#\\\/schema\\\/person\\\/6e1c5b2fe85d5c8df1b95ad940b225c5\",\"name\":\"admin\",\"image\":{\"@type\":\"ImageObject\",\"inLanguage\":\"hr\",\"@id\":\"https:\\\/\\\/secure.gravatar.com\\\/avatar\\\/c445e211fa44f86158459932a40e30d6c3022379dc56430251efda33556600c4?s=96&d=mm&r=g\",\"url\":\"https:\\\/\\\/secure.gravatar.com\\\/avatar\\\/c445e211fa44f86158459932a40e30d6c3022379dc56430251efda33556600c4?s=96&d=mm&r=g\",\"contentUrl\":\"https:\\\/\\\/secure.gravatar.com\\\/avatar\\\/c445e211fa44f86158459932a40e30d6c3022379dc56430251efda33556600c4?s=96&d=mm&r=g\",\"caption\":\"admin\"},\"sameAs\":[\"https:\\\/\\\/ivanplzajc.hr\\\/wordpress\"]}]}<\/script>\n<!-- \/ Yoast SEO plugin. -->","yoast_head_json":{"title":"Adventski koncert u Crkvi sv. Petra u Zagrebu, 14. prosinca u 19.30 | HPZ Ivan pl. Zajc","description":"Pozivamo vas na Adventski koncert u Crkvi sv. Petra u Vla\u0161koj ulici u Zagrebu, u nedjelju 14.12. u 19.30. Poslu\u0161ajte praizvedbu adventskih skladbi Alana Kljai\u0107a. Nadahnute su rijetko izvo\u0111enim adventskim napjevima, a skladane u duhu gregorijanskog korala. Izvo\u0111a\u010di: HPZ Ivan pl. Zajc, Tambura\u0161ki orkestar Tambura\u0161kog dru\u0161tva Gaj. Solisti: Lucija Mileti\u0107 i Zlatan Sindi\u010di\u0107.","robots":{"index":"index","follow":"follow","max-snippet":"max-snippet:-1","max-image-preview":"max-image-preview:large","max-video-preview":"max-video-preview:-1"},"canonical":"https:\/\/ivanplzajc.hr\/index.php\/2025\/12\/05\/adventski-koncert-u-crkvi-sv-petra-u-zagrebu-14-prosinca-u-19-30\/","og_locale":"hr_HR","og_type":"article","og_title":"Adventski koncert u Crkvi sv. Petra u Zagrebu, 14. prosinca u 19.30 | HPZ Ivan pl. Zajc","og_description":"Pozivamo vas na Adventski koncert u Crkvi sv. Petra u Vla\u0161koj ulici u Zagrebu, u nedjelju 14.12. u 19.30. Poslu\u0161ajte praizvedbu adventskih skladbi Alana Kljai\u0107a. Nadahnute su rijetko izvo\u0111enim adventskim napjevima, a skladane u duhu gregorijanskog korala. Izvo\u0111a\u010di: HPZ Ivan pl. Zajc, Tambura\u0161ki orkestar Tambura\u0161kog dru\u0161tva Gaj. Solisti: Lucija Mileti\u0107 i Zlatan Sindi\u010di\u0107.","og_url":"https:\/\/ivanplzajc.hr\/index.php\/2025\/12\/05\/adventski-koncert-u-crkvi-sv-petra-u-zagrebu-14-prosinca-u-19-30\/","og_site_name":"HPZ Ivan pl. Zajc","article_publisher":"https:\/\/www.facebook.com\/p\/HPZ-Ivan-pl-Zajc-100065416632712\/","article_published_time":"2025-12-05T14:56:26+00:00","article_modified_time":"2025-12-07T10:16:28+00:00","og_image":[{"width":600,"height":448,"url":"https:\/\/ivanplzajc.hr\/wordpress\/wp-content\/uploads\/2025\/12\/2025-12-14-Najava-Adventski-koncert-600.webp","type":"image\/webp"}],"author":"admin","twitter_card":"summary_large_image","twitter_misc":{"Napisao\/la":"admin","Procijenjeno vrijeme \u010ditanja":"2 minute"},"schema":{"@context":"https:\/\/schema.org","@graph":[{"@type":"Article","@id":"https:\/\/ivanplzajc.hr\/index.php\/2025\/12\/05\/adventski-koncert-u-crkvi-sv-petra-u-zagrebu-14-prosinca-u-19-30\/#article","isPartOf":{"@id":"https:\/\/ivanplzajc.hr\/index.php\/2025\/12\/05\/adventski-koncert-u-crkvi-sv-petra-u-zagrebu-14-prosinca-u-19-30\/"},"author":{"name":"admin","@id":"https:\/\/ivanplzajc.hr\/#\/schema\/person\/6e1c5b2fe85d5c8df1b95ad940b225c5"},"headline":"Adventski koncert u Crkvi sv. Petra u Zagrebu, 14. prosinca u 19.30","datePublished":"2025-12-05T14:56:26+00:00","dateModified":"2025-12-07T10:16:28+00:00","mainEntityOfPage":{"@id":"https:\/\/ivanplzajc.hr\/index.php\/2025\/12\/05\/adventski-koncert-u-crkvi-sv-petra-u-zagrebu-14-prosinca-u-19-30\/"},"wordCount":213,"commentCount":0,"publisher":{"@id":"https:\/\/ivanplzajc.hr\/#organization"},"image":{"@id":"https:\/\/ivanplzajc.hr\/index.php\/2025\/12\/05\/adventski-koncert-u-crkvi-sv-petra-u-zagrebu-14-prosinca-u-19-30\/#primaryimage"},"thumbnailUrl":"https:\/\/ivanplzajc.hr\/wordpress\/wp-content\/uploads\/2025\/12\/2025-12-14-Najava-Adventski-koncert-600.webp","keywords":["advent","koncert"],"articleSection":["Vijesti"],"inLanguage":"hr","potentialAction":[{"@type":"CommentAction","name":"Comment","target":["https:\/\/ivanplzajc.hr\/index.php\/2025\/12\/05\/adventski-koncert-u-crkvi-sv-petra-u-zagrebu-14-prosinca-u-19-30\/#respond"]}]},{"@type":"WebPage","@id":"https:\/\/ivanplzajc.hr\/index.php\/2025\/12\/05\/adventski-koncert-u-crkvi-sv-petra-u-zagrebu-14-prosinca-u-19-30\/","url":"https:\/\/ivanplzajc.hr\/index.php\/2025\/12\/05\/adventski-koncert-u-crkvi-sv-petra-u-zagrebu-14-prosinca-u-19-30\/","name":"Adventski koncert u Crkvi sv. Petra u Zagrebu, 14. prosinca u 19.30 | HPZ Ivan pl. Zajc","isPartOf":{"@id":"https:\/\/ivanplzajc.hr\/#website"},"primaryImageOfPage":{"@id":"https:\/\/ivanplzajc.hr\/index.php\/2025\/12\/05\/adventski-koncert-u-crkvi-sv-petra-u-zagrebu-14-prosinca-u-19-30\/#primaryimage"},"image":{"@id":"https:\/\/ivanplzajc.hr\/index.php\/2025\/12\/05\/adventski-koncert-u-crkvi-sv-petra-u-zagrebu-14-prosinca-u-19-30\/#primaryimage"},"thumbnailUrl":"https:\/\/ivanplzajc.hr\/wordpress\/wp-content\/uploads\/2025\/12\/2025-12-14-Najava-Adventski-koncert-600.webp","datePublished":"2025-12-05T14:56:26+00:00","dateModified":"2025-12-07T10:16:28+00:00","description":"Pozivamo vas na Adventski koncert u Crkvi sv. Petra u Vla\u0161koj ulici u Zagrebu, u nedjelju 14.12. u 19.30. Poslu\u0161ajte praizvedbu adventskih skladbi Alana Kljai\u0107a. Nadahnute su rijetko izvo\u0111enim adventskim napjevima, a skladane u duhu gregorijanskog korala. Izvo\u0111a\u010di: HPZ Ivan pl. Zajc, Tambura\u0161ki orkestar Tambura\u0161kog dru\u0161tva Gaj. Solisti: Lucija Mileti\u0107 i Zlatan Sindi\u010di\u0107.","breadcrumb":{"@id":"https:\/\/ivanplzajc.hr\/index.php\/2025\/12\/05\/adventski-koncert-u-crkvi-sv-petra-u-zagrebu-14-prosinca-u-19-30\/#breadcrumb"},"inLanguage":"hr","potentialAction":[{"@type":"ReadAction","target":["https:\/\/ivanplzajc.hr\/index.php\/2025\/12\/05\/adventski-koncert-u-crkvi-sv-petra-u-zagrebu-14-prosinca-u-19-30\/"]}]},{"@type":"ImageObject","inLanguage":"hr","@id":"https:\/\/ivanplzajc.hr\/index.php\/2025\/12\/05\/adventski-koncert-u-crkvi-sv-petra-u-zagrebu-14-prosinca-u-19-30\/#primaryimage","url":"https:\/\/ivanplzajc.hr\/wordpress\/wp-content\/uploads\/2025\/12\/2025-12-14-Najava-Adventski-koncert-600.webp","contentUrl":"https:\/\/ivanplzajc.hr\/wordpress\/wp-content\/uploads\/2025\/12\/2025-12-14-Najava-Adventski-koncert-600.webp","width":600,"height":448,"caption":"Najava Adventskog koncerta u crvi sv. Petra 14.12.'25."},{"@type":"BreadcrumbList","@id":"https:\/\/ivanplzajc.hr\/index.php\/2025\/12\/05\/adventski-koncert-u-crkvi-sv-petra-u-zagrebu-14-prosinca-u-19-30\/#breadcrumb","itemListElement":[{"@type":"ListItem","position":1,"name":"Home","item":"https:\/\/ivanplzajc.hr\/"},{"@type":"ListItem","position":2,"name":"Adventski koncert u Crkvi sv. Petra u Zagrebu, 14. prosinca u 19.30"}]},{"@type":"WebSite","@id":"https:\/\/ivanplzajc.hr\/#website","url":"https:\/\/ivanplzajc.hr\/","name":"HPZ Ivan pl. Zajc","description":"Mje\u0161oviti pjeva\u010dki zbor Ivan pl. Zajc u Zagrebu","publisher":{"@id":"https:\/\/ivanplzajc.hr\/#organization"},"potentialAction":[{"@type":"SearchAction","target":{"@type":"EntryPoint","urlTemplate":"https:\/\/ivanplzajc.hr\/?s={search_term_string}"},"query-input":{"@type":"PropertyValueSpecification","valueRequired":true,"valueName":"search_term_string"}}],"inLanguage":"hr"},{"@type":"Organization","@id":"https:\/\/ivanplzajc.hr\/#organization","name":"HPZ Ivan pl. Zajc","url":"https:\/\/ivanplzajc.hr\/","logo":{"@type":"ImageObject","inLanguage":"hr","@id":"https:\/\/ivanplzajc.hr\/#\/schema\/logo\/image\/","url":"https:\/\/ivanplzajc.hr\/wordpress\/wp-content\/uploads\/2025\/11\/cropped-Logo-orange-300.jpg","contentUrl":"https:\/\/ivanplzajc.hr\/wordpress\/wp-content\/uploads\/2025\/11\/cropped-Logo-orange-300.jpg","width":300,"height":300,"caption":"HPZ Ivan pl. Zajc"},"image":{"@id":"https:\/\/ivanplzajc.hr\/#\/schema\/logo\/image\/"},"sameAs":["https:\/\/www.facebook.com\/p\/HPZ-Ivan-pl-Zajc-100065416632712\/","https:\/\/soundcloud.com\/zbor-ivan-pl-zajc","https:\/\/www.youtube.com\/channel\/UCJn3Mu4spdJs1fPdougkJFg\/videos"]},{"@type":"Person","@id":"https:\/\/ivanplzajc.hr\/#\/schema\/person\/6e1c5b2fe85d5c8df1b95ad940b225c5","name":"admin","image":{"@type":"ImageObject","inLanguage":"hr","@id":"https:\/\/secure.gravatar.com\/avatar\/c445e211fa44f86158459932a40e30d6c3022379dc56430251efda33556600c4?s=96&d=mm&r=g","url":"https:\/\/secure.gravatar.com\/avatar\/c445e211fa44f86158459932a40e30d6c3022379dc56430251efda33556600c4?s=96&d=mm&r=g","contentUrl":"https:\/\/secure.gravatar.com\/avatar\/c445e211fa44f86158459932a40e30d6c3022379dc56430251efda33556600c4?s=96&d=mm&r=g","caption":"admin"},"sameAs":["https:\/\/ivanplzajc.hr\/wordpress"]}]}},"_links":{"self":[{"href":"https:\/\/ivanplzajc.hr\/index.php\/wp-json\/wp\/v2\/posts\/3743","targetHints":{"allow":["GET"]}}],"collection":[{"href":"https:\/\/ivanplzajc.hr\/index.php\/wp-json\/wp\/v2\/posts"}],"about":[{"href":"https:\/\/ivanplzajc.hr\/index.php\/wp-json\/wp\/v2\/types\/post"}],"author":[{"embeddable":true,"href":"https:\/\/ivanplzajc.hr\/index.php\/wp-json\/wp\/v2\/users\/1"}],"replies":[{"embeddable":true,"href":"https:\/\/ivanplzajc.hr\/index.php\/wp-json\/wp\/v2\/comments?post=3743"}],"version-history":[{"count":7,"href":"https:\/\/ivanplzajc.hr\/index.php\/wp-json\/wp\/v2\/posts\/3743\/revisions"}],"predecessor-version":[{"id":3790,"href":"https:\/\/ivanplzajc.hr\/index.php\/wp-json\/wp\/v2\/posts\/3743\/revisions\/3790"}],"wp:featuredmedia":[{"embeddable":true,"href":"https:\/\/ivanplzajc.hr\/index.php\/wp-json\/wp\/v2\/media\/3786"}],"wp:attachment":[{"href":"https:\/\/ivanplzajc.hr\/index.php\/wp-json\/wp\/v2\/media?parent=3743"}],"wp:term":[{"taxonomy":"category","embeddable":true,"href":"https:\/\/ivanplzajc.hr\/index.php\/wp-json\/wp\/v2\/categories?post=3743"},{"taxonomy":"post_tag","embeddable":true,"href":"https:\/\/ivanplzajc.hr\/index.php\/wp-json\/wp\/v2\/tags?post=3743"}],"curies":[{"name":"wp","href":"https:\/\/api.w.org\/{rel}","templated":true}]}}