{"id":3913,"date":"2026-03-04T21:56:49","date_gmt":"2026-03-04T21:56:49","guid":{"rendered":"https:\/\/ivanplzajc.hr\/?p=3913"},"modified":"2026-03-04T23:01:33","modified_gmt":"2026-03-04T23:01:33","slug":"travanjski-koncert-u-barceloni","status":"publish","type":"post","link":"https:\/\/ivanplzajc.hr\/index.php\/2026\/03\/04\/travanjski-koncert-u-barceloni\/","title":{"rendered":"11. travnja nastupamo u Barceloni"},"content":{"rendered":"<p data-start=\"0\" data-end=\"204\">U subotu, 11. travnja 2026. u 20 sati, u <a href=\"https:\/\/www.catalunya.com\/en\/continguts\/patrimoni-cultural\/church-of-hospital-de-la-santa-creu-i-sant-pau-17-16003-572572\">crkvi <span class=\"hover:entity-accent entity-underline inline cursor-pointer align-baseline\"><span class=\"whitespace-normal\">Hospital de la Santa Creu i Sant Pau<\/span><\/span><\/a> u <span class=\"hover:entity-accent entity-underline inline cursor-pointer align-baseline\"><span class=\"whitespace-normal\">Barceloni<\/span><\/span>, odr\u017eat \u0107emo koncert posve\u0107en hrvatskoj i svjetskoj sakralnoj zborskoj glazbi.<\/p>\n<p data-start=\"206\" data-end=\"606\">Pod ravnanjem Marije Ramljak, Zlatana Sindi\u010di\u0107a i Lovre Bakule, uz solisticu Ines Vlahovi\u0107, predstavit \u0107emo presjek stilova od 18. do 21. stolje\u0107a \u2013 od klasicisti\u010dke jasno\u0107e moteta <em data-start=\"387\" data-end=\"405\">Ave verum corpus<\/em> <span class=\"hover:entity-accent entity-underline inline cursor-pointer align-baseline\"><span class=\"whitespace-normal\">Wolfganga Amadeusa Mozarta<\/span><\/span>, preko romanti\u010dne izra\u017eajnosti <span class=\"hover:entity-accent entity-underline inline cursor-pointer align-baseline\"><span class=\"whitespace-normal\">Ivana pl. Zajca<\/span><\/span> i <span class=\"hover:entity-accent entity-underline inline cursor-pointer align-baseline\"><span class=\"whitespace-normal\">Vatroslava Lisinskog<\/span><\/span>, do suvremenih skladbi hrvatskih autora.<\/p>\n<p data-start=\"812\" data-end=\"1575\">Izvest \u0107emo<\/p>\n<p data-start=\"812\" data-end=\"1575\">Madrigale <span class=\"hover:entity-accent entity-underline inline cursor-pointer align-baseline\"><span class=\"whitespace-normal\">Ivana pl. Zajca<\/span><\/span> \u2013 gdje romantika \u0161ap\u0107e u vi\u0161eglasju,<\/p>\n<p data-start=\"812\" data-end=\"1575\"><em data-start=\"909\" data-end=\"918\">Molitvu<\/em> <span class=\"hover:entity-accent entity-underline inline cursor-pointer align-baseline\"><span class=\"whitespace-normal\">Franje Dugana<\/span><\/span> \u2013 majstora polifonije i crkvene glazbe,<\/p>\n<p data-start=\"812\" data-end=\"1575\"><em data-start=\"997\" data-end=\"1012\">Grgu i Negu\u0161a<\/em> istarske skladateljice <span class=\"hover:entity-accent entity-underline inline cursor-pointer align-baseline\"><span class=\"whitespace-normal\">\u0110eni Dekleva-Radakovi\u0107<\/span><\/span> \u2013 pro\u017eete zavi\u010dajnim koloritom i elementima istarske ljestvice,<\/p>\n<p data-start=\"812\" data-end=\"1575\"><em data-start=\"1138\" data-end=\"1153\">Zdravo Mariju<\/em> iz Adventskih skladbi <span class=\"hover:entity-accent entity-underline inline cursor-pointer align-baseline\"><span class=\"whitespace-normal\">Alana Kljai\u0107a<\/span><\/span>, koju smo praizveli u Zagrebu 2025.,<\/p>\n<p data-start=\"812\" data-end=\"1575\">nekoliko stavaka \u017divka Klju\u010de iz korizmenog Requiema <em data-start=\"1307\" data-end=\"1321\">Pokoj vje\u010dni<\/em>, praizvedenog 2024.<\/p>\n<p data-start=\"812\" data-end=\"1575\">Na programu su i djela <span class=\"hover:entity-accent entity-underline inline cursor-pointer align-baseline\"><span class=\"whitespace-normal\">Emila Cossetta<\/span><\/span>, <em data-start=\"1413\" data-end=\"1428\">Cum invocarem<\/em> <span class=\"hover:entity-accent entity-underline inline cursor-pointer align-baseline\"><span class=\"whitespace-normal\">Vatroslava Lisinskog<\/span><\/span>\u00a0te skladbe <span class=\"hover:entity-accent entity-underline inline cursor-pointer align-baseline\"><span class=\"whitespace-normal\">Krste Odaka<\/span><\/span> \u2013 svaka poput kamena u mozaiku na\u0161e glazbene povijesti.<\/p>\n<p data-start=\"1168\" data-end=\"1306\" data-is-last-node=\"\" data-is-only-node=\"\">Koncert se odr\u017eava pod pokroviteljstvom Ministarstva kulture Republike Hrvatske, Gradskog ureda za kulturu i civilno dru\u0161tvo Grada Zagreba, te Veleposlanstva RH u Kraljevini \u0160panjolskoj.<\/p>\n<p data-start=\"1168\" data-end=\"1306\" data-is-last-node=\"\" data-is-only-node=\"\">Veselimo se Barceloni!<\/p>\n","protected":false},"excerpt":{"rendered":"<p>U subotu, 11. travnja 2026. u 20 sati, u crkvi Hospital de la Santa Creu i Sant Pau u Barceloni, odr\u017eat \u0107emo koncert posve\u0107en hrvatskoj i svjetskoj sakralnoj zborskoj glazbi. Pod ravnanjem Marije Ramljak, Zlatana Sindi\u010di\u0107a i Lovre Bakule, uz solisticu Ines Vlahovi\u0107, predstavit \u0107emo presjek stilova od 18. do 21. stolje\u0107a \u2013 od klasicisti\u010dke [&hellip;]<\/p>\n","protected":false},"author":1,"featured_media":3914,"comment_status":"open","ping_status":"open","sticky":false,"template":"","format":"standard","meta":{"footnotes":""},"categories":[32],"tags":[41,40,34,38,39],"class_list":["post-3913","post","type-post","status-publish","format-standard","has-post-thumbnail","hentry","category-vijesti","tag-barcelona","tag-barcelona-koncert-zajci","tag-koncert","tag-wikipedija","tag-zajci-na-wikipediji"],"yoast_head":"<!-- This site is optimized with the Yoast SEO plugin v27.5 - https:\/\/yoast.com\/product\/yoast-seo-wordpress\/ -->\n<title>11. travnja nastupamo u Barceloni | HPZ Ivan pl. Zajc<\/title>\n<meta name=\"description\" content=\"Veselit \u0107e nas ako nam se pridru\u017eite na na\u0161em koncertnom susretu nacionalne zborske ba\u0161tine i univerzalnog duhovnog repertoara.\" \/>\n<meta name=\"robots\" content=\"index, follow, max-snippet:-1, max-image-preview:large, max-video-preview:-1\" \/>\n<link rel=\"canonical\" href=\"https:\/\/ivanplzajc.hr\/index.php\/2026\/03\/04\/travanjski-koncert-u-barceloni\/\" \/>\n<meta property=\"og:locale\" content=\"hr_HR\" \/>\n<meta property=\"og:type\" content=\"article\" \/>\n<meta property=\"og:title\" content=\"11. travnja nastupamo u Barceloni | HPZ Ivan pl. Zajc\" \/>\n<meta property=\"og:description\" content=\"Veselit \u0107e nas ako nam se pridru\u017eite na na\u0161em koncertnom susretu nacionalne zborske ba\u0161tine i univerzalnog duhovnog repertoara.\" \/>\n<meta property=\"og:url\" content=\"https:\/\/ivanplzajc.hr\/index.php\/2026\/03\/04\/travanjski-koncert-u-barceloni\/\" \/>\n<meta property=\"og:site_name\" content=\"HPZ Ivan pl. Zajc\" \/>\n<meta property=\"article:publisher\" content=\"https:\/\/www.facebook.com\/p\/HPZ-Ivan-pl-Zajc-100065416632712\/\" \/>\n<meta property=\"article:published_time\" content=\"2026-03-04T21:56:49+00:00\" \/>\n<meta property=\"article:modified_time\" content=\"2026-03-04T23:01:33+00:00\" \/>\n<meta property=\"og:image\" content=\"https:\/\/ivanplzajc.hr\/wordpress\/wp-content\/uploads\/2026\/03\/20260219_Poster-Barcelona-700.webp\" \/>\n\t<meta property=\"og:image:width\" content=\"700\" \/>\n\t<meta property=\"og:image:height\" content=\"955\" \/>\n\t<meta property=\"og:image:type\" content=\"image\/webp\" \/>\n<meta name=\"author\" content=\"admin\" \/>\n<meta name=\"twitter:card\" content=\"summary_large_image\" \/>\n<meta name=\"twitter:label1\" content=\"Napisao\/la\" \/>\n\t<meta name=\"twitter:data1\" content=\"admin\" \/>\n\t<meta name=\"twitter:label2\" content=\"Procijenjeno vrijeme \u010ditanja\" \/>\n\t<meta name=\"twitter:data2\" content=\"2 minute\" \/>\n<script type=\"application\/ld+json\" class=\"yoast-schema-graph\">{\"@context\":\"https:\\\/\\\/schema.org\",\"@graph\":[{\"@type\":\"Article\",\"@id\":\"https:\\\/\\\/ivanplzajc.hr\\\/index.php\\\/2026\\\/03\\\/04\\\/travanjski-koncert-u-barceloni\\\/#article\",\"isPartOf\":{\"@id\":\"https:\\\/\\\/ivanplzajc.hr\\\/index.php\\\/2026\\\/03\\\/04\\\/travanjski-koncert-u-barceloni\\\/\"},\"author\":{\"name\":\"admin\",\"@id\":\"https:\\\/\\\/ivanplzajc.hr\\\/#\\\/schema\\\/person\\\/6e1c5b2fe85d5c8df1b95ad940b225c5\"},\"headline\":\"11. travnja nastupamo u Barceloni\",\"datePublished\":\"2026-03-04T21:56:49+00:00\",\"dateModified\":\"2026-03-04T23:01:33+00:00\",\"mainEntityOfPage\":{\"@id\":\"https:\\\/\\\/ivanplzajc.hr\\\/index.php\\\/2026\\\/03\\\/04\\\/travanjski-koncert-u-barceloni\\\/\"},\"wordCount\":200,\"commentCount\":0,\"publisher\":{\"@id\":\"https:\\\/\\\/ivanplzajc.hr\\\/#organization\"},\"image\":{\"@id\":\"https:\\\/\\\/ivanplzajc.hr\\\/index.php\\\/2026\\\/03\\\/04\\\/travanjski-koncert-u-barceloni\\\/#primaryimage\"},\"thumbnailUrl\":\"https:\\\/\\\/ivanplzajc.hr\\\/wordpress\\\/wp-content\\\/uploads\\\/2026\\\/03\\\/20260219_Poster-Barcelona-700.webp\",\"keywords\":[\"barcelona\",\"barcelona koncert zajci\",\"koncert\",\"Wikipedija\",\"Zajci na wikipediji\"],\"articleSection\":[\"Vijesti\"],\"inLanguage\":\"hr\",\"potentialAction\":[{\"@type\":\"CommentAction\",\"name\":\"Comment\",\"target\":[\"https:\\\/\\\/ivanplzajc.hr\\\/index.php\\\/2026\\\/03\\\/04\\\/travanjski-koncert-u-barceloni\\\/#respond\"]}]},{\"@type\":\"WebPage\",\"@id\":\"https:\\\/\\\/ivanplzajc.hr\\\/index.php\\\/2026\\\/03\\\/04\\\/travanjski-koncert-u-barceloni\\\/\",\"url\":\"https:\\\/\\\/ivanplzajc.hr\\\/index.php\\\/2026\\\/03\\\/04\\\/travanjski-koncert-u-barceloni\\\/\",\"name\":\"11. travnja nastupamo u Barceloni | HPZ Ivan pl. Zajc\",\"isPartOf\":{\"@id\":\"https:\\\/\\\/ivanplzajc.hr\\\/#website\"},\"primaryImageOfPage\":{\"@id\":\"https:\\\/\\\/ivanplzajc.hr\\\/index.php\\\/2026\\\/03\\\/04\\\/travanjski-koncert-u-barceloni\\\/#primaryimage\"},\"image\":{\"@id\":\"https:\\\/\\\/ivanplzajc.hr\\\/index.php\\\/2026\\\/03\\\/04\\\/travanjski-koncert-u-barceloni\\\/#primaryimage\"},\"thumbnailUrl\":\"https:\\\/\\\/ivanplzajc.hr\\\/wordpress\\\/wp-content\\\/uploads\\\/2026\\\/03\\\/20260219_Poster-Barcelona-700.webp\",\"datePublished\":\"2026-03-04T21:56:49+00:00\",\"dateModified\":\"2026-03-04T23:01:33+00:00\",\"description\":\"Veselit \u0107e nas ako nam se pridru\u017eite na na\u0161em koncertnom susretu nacionalne zborske ba\u0161tine i univerzalnog duhovnog repertoara.\",\"breadcrumb\":{\"@id\":\"https:\\\/\\\/ivanplzajc.hr\\\/index.php\\\/2026\\\/03\\\/04\\\/travanjski-koncert-u-barceloni\\\/#breadcrumb\"},\"inLanguage\":\"hr\",\"potentialAction\":[{\"@type\":\"ReadAction\",\"target\":[\"https:\\\/\\\/ivanplzajc.hr\\\/index.php\\\/2026\\\/03\\\/04\\\/travanjski-koncert-u-barceloni\\\/\"]}]},{\"@type\":\"ImageObject\",\"inLanguage\":\"hr\",\"@id\":\"https:\\\/\\\/ivanplzajc.hr\\\/index.php\\\/2026\\\/03\\\/04\\\/travanjski-koncert-u-barceloni\\\/#primaryimage\",\"url\":\"https:\\\/\\\/ivanplzajc.hr\\\/wordpress\\\/wp-content\\\/uploads\\\/2026\\\/03\\\/20260219_Poster-Barcelona-700.webp\",\"contentUrl\":\"https:\\\/\\\/ivanplzajc.hr\\\/wordpress\\\/wp-content\\\/uploads\\\/2026\\\/03\\\/20260219_Poster-Barcelona-700.webp\",\"width\":700,\"height\":955,\"caption\":\"U aprilu u Barceloni\"},{\"@type\":\"BreadcrumbList\",\"@id\":\"https:\\\/\\\/ivanplzajc.hr\\\/index.php\\\/2026\\\/03\\\/04\\\/travanjski-koncert-u-barceloni\\\/#breadcrumb\",\"itemListElement\":[{\"@type\":\"ListItem\",\"position\":1,\"name\":\"Home\",\"item\":\"https:\\\/\\\/ivanplzajc.hr\\\/\"},{\"@type\":\"ListItem\",\"position\":2,\"name\":\"11. travnja nastupamo u Barceloni\"}]},{\"@type\":\"WebSite\",\"@id\":\"https:\\\/\\\/ivanplzajc.hr\\\/#website\",\"url\":\"https:\\\/\\\/ivanplzajc.hr\\\/\",\"name\":\"HPZ Ivan pl. Zajc\",\"description\":\"Mje\u0161oviti pjeva\u010dki zbor Ivan pl. Zajc u Zagrebu\",\"publisher\":{\"@id\":\"https:\\\/\\\/ivanplzajc.hr\\\/#organization\"},\"potentialAction\":[{\"@type\":\"SearchAction\",\"target\":{\"@type\":\"EntryPoint\",\"urlTemplate\":\"https:\\\/\\\/ivanplzajc.hr\\\/?s={search_term_string}\"},\"query-input\":{\"@type\":\"PropertyValueSpecification\",\"valueRequired\":true,\"valueName\":\"search_term_string\"}}],\"inLanguage\":\"hr\"},{\"@type\":\"Organization\",\"@id\":\"https:\\\/\\\/ivanplzajc.hr\\\/#organization\",\"name\":\"HPZ Ivan pl. Zajc\",\"url\":\"https:\\\/\\\/ivanplzajc.hr\\\/\",\"logo\":{\"@type\":\"ImageObject\",\"inLanguage\":\"hr\",\"@id\":\"https:\\\/\\\/ivanplzajc.hr\\\/#\\\/schema\\\/logo\\\/image\\\/\",\"url\":\"https:\\\/\\\/ivanplzajc.hr\\\/wordpress\\\/wp-content\\\/uploads\\\/2025\\\/11\\\/cropped-Logo-orange-300.jpg\",\"contentUrl\":\"https:\\\/\\\/ivanplzajc.hr\\\/wordpress\\\/wp-content\\\/uploads\\\/2025\\\/11\\\/cropped-Logo-orange-300.jpg\",\"width\":300,\"height\":300,\"caption\":\"HPZ Ivan pl. Zajc\"},\"image\":{\"@id\":\"https:\\\/\\\/ivanplzajc.hr\\\/#\\\/schema\\\/logo\\\/image\\\/\"},\"sameAs\":[\"https:\\\/\\\/www.facebook.com\\\/p\\\/HPZ-Ivan-pl-Zajc-100065416632712\\\/\",\"https:\\\/\\\/soundcloud.com\\\/zbor-ivan-pl-zajc\",\"https:\\\/\\\/www.youtube.com\\\/channel\\\/UCJn3Mu4spdJs1fPdougkJFg\\\/videos\"]},{\"@type\":\"Person\",\"@id\":\"https:\\\/\\\/ivanplzajc.hr\\\/#\\\/schema\\\/person\\\/6e1c5b2fe85d5c8df1b95ad940b225c5\",\"name\":\"admin\",\"image\":{\"@type\":\"ImageObject\",\"inLanguage\":\"hr\",\"@id\":\"https:\\\/\\\/secure.gravatar.com\\\/avatar\\\/c445e211fa44f86158459932a40e30d6c3022379dc56430251efda33556600c4?s=96&d=mm&r=g\",\"url\":\"https:\\\/\\\/secure.gravatar.com\\\/avatar\\\/c445e211fa44f86158459932a40e30d6c3022379dc56430251efda33556600c4?s=96&d=mm&r=g\",\"contentUrl\":\"https:\\\/\\\/secure.gravatar.com\\\/avatar\\\/c445e211fa44f86158459932a40e30d6c3022379dc56430251efda33556600c4?s=96&d=mm&r=g\",\"caption\":\"admin\"},\"sameAs\":[\"https:\\\/\\\/ivanplzajc.hr\\\/wordpress\"]}]}<\/script>\n<!-- \/ Yoast SEO plugin. -->","yoast_head_json":{"title":"11. travnja nastupamo u Barceloni | HPZ Ivan pl. Zajc","description":"Veselit \u0107e nas ako nam se pridru\u017eite na na\u0161em koncertnom susretu nacionalne zborske ba\u0161tine i univerzalnog duhovnog repertoara.","robots":{"index":"index","follow":"follow","max-snippet":"max-snippet:-1","max-image-preview":"max-image-preview:large","max-video-preview":"max-video-preview:-1"},"canonical":"https:\/\/ivanplzajc.hr\/index.php\/2026\/03\/04\/travanjski-koncert-u-barceloni\/","og_locale":"hr_HR","og_type":"article","og_title":"11. travnja nastupamo u Barceloni | HPZ Ivan pl. Zajc","og_description":"Veselit \u0107e nas ako nam se pridru\u017eite na na\u0161em koncertnom susretu nacionalne zborske ba\u0161tine i univerzalnog duhovnog repertoara.","og_url":"https:\/\/ivanplzajc.hr\/index.php\/2026\/03\/04\/travanjski-koncert-u-barceloni\/","og_site_name":"HPZ Ivan pl. Zajc","article_publisher":"https:\/\/www.facebook.com\/p\/HPZ-Ivan-pl-Zajc-100065416632712\/","article_published_time":"2026-03-04T21:56:49+00:00","article_modified_time":"2026-03-04T23:01:33+00:00","og_image":[{"width":700,"height":955,"url":"https:\/\/ivanplzajc.hr\/wordpress\/wp-content\/uploads\/2026\/03\/20260219_Poster-Barcelona-700.webp","type":"image\/webp"}],"author":"admin","twitter_card":"summary_large_image","twitter_misc":{"Napisao\/la":"admin","Procijenjeno vrijeme \u010ditanja":"2 minute"},"schema":{"@context":"https:\/\/schema.org","@graph":[{"@type":"Article","@id":"https:\/\/ivanplzajc.hr\/index.php\/2026\/03\/04\/travanjski-koncert-u-barceloni\/#article","isPartOf":{"@id":"https:\/\/ivanplzajc.hr\/index.php\/2026\/03\/04\/travanjski-koncert-u-barceloni\/"},"author":{"name":"admin","@id":"https:\/\/ivanplzajc.hr\/#\/schema\/person\/6e1c5b2fe85d5c8df1b95ad940b225c5"},"headline":"11. travnja nastupamo u Barceloni","datePublished":"2026-03-04T21:56:49+00:00","dateModified":"2026-03-04T23:01:33+00:00","mainEntityOfPage":{"@id":"https:\/\/ivanplzajc.hr\/index.php\/2026\/03\/04\/travanjski-koncert-u-barceloni\/"},"wordCount":200,"commentCount":0,"publisher":{"@id":"https:\/\/ivanplzajc.hr\/#organization"},"image":{"@id":"https:\/\/ivanplzajc.hr\/index.php\/2026\/03\/04\/travanjski-koncert-u-barceloni\/#primaryimage"},"thumbnailUrl":"https:\/\/ivanplzajc.hr\/wordpress\/wp-content\/uploads\/2026\/03\/20260219_Poster-Barcelona-700.webp","keywords":["barcelona","barcelona koncert zajci","koncert","Wikipedija","Zajci na wikipediji"],"articleSection":["Vijesti"],"inLanguage":"hr","potentialAction":[{"@type":"CommentAction","name":"Comment","target":["https:\/\/ivanplzajc.hr\/index.php\/2026\/03\/04\/travanjski-koncert-u-barceloni\/#respond"]}]},{"@type":"WebPage","@id":"https:\/\/ivanplzajc.hr\/index.php\/2026\/03\/04\/travanjski-koncert-u-barceloni\/","url":"https:\/\/ivanplzajc.hr\/index.php\/2026\/03\/04\/travanjski-koncert-u-barceloni\/","name":"11. travnja nastupamo u Barceloni | HPZ Ivan pl. Zajc","isPartOf":{"@id":"https:\/\/ivanplzajc.hr\/#website"},"primaryImageOfPage":{"@id":"https:\/\/ivanplzajc.hr\/index.php\/2026\/03\/04\/travanjski-koncert-u-barceloni\/#primaryimage"},"image":{"@id":"https:\/\/ivanplzajc.hr\/index.php\/2026\/03\/04\/travanjski-koncert-u-barceloni\/#primaryimage"},"thumbnailUrl":"https:\/\/ivanplzajc.hr\/wordpress\/wp-content\/uploads\/2026\/03\/20260219_Poster-Barcelona-700.webp","datePublished":"2026-03-04T21:56:49+00:00","dateModified":"2026-03-04T23:01:33+00:00","description":"Veselit \u0107e nas ako nam se pridru\u017eite na na\u0161em koncertnom susretu nacionalne zborske ba\u0161tine i univerzalnog duhovnog repertoara.","breadcrumb":{"@id":"https:\/\/ivanplzajc.hr\/index.php\/2026\/03\/04\/travanjski-koncert-u-barceloni\/#breadcrumb"},"inLanguage":"hr","potentialAction":[{"@type":"ReadAction","target":["https:\/\/ivanplzajc.hr\/index.php\/2026\/03\/04\/travanjski-koncert-u-barceloni\/"]}]},{"@type":"ImageObject","inLanguage":"hr","@id":"https:\/\/ivanplzajc.hr\/index.php\/2026\/03\/04\/travanjski-koncert-u-barceloni\/#primaryimage","url":"https:\/\/ivanplzajc.hr\/wordpress\/wp-content\/uploads\/2026\/03\/20260219_Poster-Barcelona-700.webp","contentUrl":"https:\/\/ivanplzajc.hr\/wordpress\/wp-content\/uploads\/2026\/03\/20260219_Poster-Barcelona-700.webp","width":700,"height":955,"caption":"U aprilu u Barceloni"},{"@type":"BreadcrumbList","@id":"https:\/\/ivanplzajc.hr\/index.php\/2026\/03\/04\/travanjski-koncert-u-barceloni\/#breadcrumb","itemListElement":[{"@type":"ListItem","position":1,"name":"Home","item":"https:\/\/ivanplzajc.hr\/"},{"@type":"ListItem","position":2,"name":"11. travnja nastupamo u Barceloni"}]},{"@type":"WebSite","@id":"https:\/\/ivanplzajc.hr\/#website","url":"https:\/\/ivanplzajc.hr\/","name":"HPZ Ivan pl. Zajc","description":"Mje\u0161oviti pjeva\u010dki zbor Ivan pl. Zajc u Zagrebu","publisher":{"@id":"https:\/\/ivanplzajc.hr\/#organization"},"potentialAction":[{"@type":"SearchAction","target":{"@type":"EntryPoint","urlTemplate":"https:\/\/ivanplzajc.hr\/?s={search_term_string}"},"query-input":{"@type":"PropertyValueSpecification","valueRequired":true,"valueName":"search_term_string"}}],"inLanguage":"hr"},{"@type":"Organization","@id":"https:\/\/ivanplzajc.hr\/#organization","name":"HPZ Ivan pl. Zajc","url":"https:\/\/ivanplzajc.hr\/","logo":{"@type":"ImageObject","inLanguage":"hr","@id":"https:\/\/ivanplzajc.hr\/#\/schema\/logo\/image\/","url":"https:\/\/ivanplzajc.hr\/wordpress\/wp-content\/uploads\/2025\/11\/cropped-Logo-orange-300.jpg","contentUrl":"https:\/\/ivanplzajc.hr\/wordpress\/wp-content\/uploads\/2025\/11\/cropped-Logo-orange-300.jpg","width":300,"height":300,"caption":"HPZ Ivan pl. Zajc"},"image":{"@id":"https:\/\/ivanplzajc.hr\/#\/schema\/logo\/image\/"},"sameAs":["https:\/\/www.facebook.com\/p\/HPZ-Ivan-pl-Zajc-100065416632712\/","https:\/\/soundcloud.com\/zbor-ivan-pl-zajc","https:\/\/www.youtube.com\/channel\/UCJn3Mu4spdJs1fPdougkJFg\/videos"]},{"@type":"Person","@id":"https:\/\/ivanplzajc.hr\/#\/schema\/person\/6e1c5b2fe85d5c8df1b95ad940b225c5","name":"admin","image":{"@type":"ImageObject","inLanguage":"hr","@id":"https:\/\/secure.gravatar.com\/avatar\/c445e211fa44f86158459932a40e30d6c3022379dc56430251efda33556600c4?s=96&d=mm&r=g","url":"https:\/\/secure.gravatar.com\/avatar\/c445e211fa44f86158459932a40e30d6c3022379dc56430251efda33556600c4?s=96&d=mm&r=g","contentUrl":"https:\/\/secure.gravatar.com\/avatar\/c445e211fa44f86158459932a40e30d6c3022379dc56430251efda33556600c4?s=96&d=mm&r=g","caption":"admin"},"sameAs":["https:\/\/ivanplzajc.hr\/wordpress"]}]}},"_links":{"self":[{"href":"https:\/\/ivanplzajc.hr\/index.php\/wp-json\/wp\/v2\/posts\/3913","targetHints":{"allow":["GET"]}}],"collection":[{"href":"https:\/\/ivanplzajc.hr\/index.php\/wp-json\/wp\/v2\/posts"}],"about":[{"href":"https:\/\/ivanplzajc.hr\/index.php\/wp-json\/wp\/v2\/types\/post"}],"author":[{"embeddable":true,"href":"https:\/\/ivanplzajc.hr\/index.php\/wp-json\/wp\/v2\/users\/1"}],"replies":[{"embeddable":true,"href":"https:\/\/ivanplzajc.hr\/index.php\/wp-json\/wp\/v2\/comments?post=3913"}],"version-history":[{"count":7,"href":"https:\/\/ivanplzajc.hr\/index.php\/wp-json\/wp\/v2\/posts\/3913\/revisions"}],"predecessor-version":[{"id":3921,"href":"https:\/\/ivanplzajc.hr\/index.php\/wp-json\/wp\/v2\/posts\/3913\/revisions\/3921"}],"wp:featuredmedia":[{"embeddable":true,"href":"https:\/\/ivanplzajc.hr\/index.php\/wp-json\/wp\/v2\/media\/3914"}],"wp:attachment":[{"href":"https:\/\/ivanplzajc.hr\/index.php\/wp-json\/wp\/v2\/media?parent=3913"}],"wp:term":[{"taxonomy":"category","embeddable":true,"href":"https:\/\/ivanplzajc.hr\/index.php\/wp-json\/wp\/v2\/categories?post=3913"},{"taxonomy":"post_tag","embeddable":true,"href":"https:\/\/ivanplzajc.hr\/index.php\/wp-json\/wp\/v2\/tags?post=3913"}],"curies":[{"name":"wp","href":"https:\/\/api.w.org\/{rel}","templated":true}]}}